{"id":691,"date":"2026-04-10T10:47:50","date_gmt":"2026-04-10T08:47:50","guid":{"rendered":"https:\/\/sopromag.fr\/?p=691"},"modified":"2026-04-10T11:13:23","modified_gmt":"2026-04-10T09:13:23","slug":"journee-renault-pro-jeudi-17-avril-2026","status":"publish","type":"post","link":"https:\/\/sopromag.fr\/?p=691","title":{"rendered":"Journ\u00e9e Renault PRO+ Jeudi 17 Avril 2026"},"content":{"rendered":"<div class=\"sopromag-event-container\">\n<p style=\"color: #e67e22; font-weight: bold; text-transform: uppercase; letter-spacing: 1px;\">\u00a0\u00c9v\u00e9nement Exclusif &#8211; Sud Luberon<\/p>\n<h1>Journ\u00e9e Renault Pro+ \u00e0 Villelaure : D\u00e9couvrez la Nouvelle Gamme le 17 Avril !<\/h1>\n<p class=\"intro\">Le <strong>Garage Sopromag<\/strong> a le plaisir de convier professionnels et particuliers \u00e0 une journ\u00e9e exceptionnelle d\u00e9di\u00e9e \u00e0 l&rsquo;innovation et \u00e0 la mobilit\u00e9. Le <strong>17 avril prochain<\/strong>, transformez votre vision du transport au sein de notre agence de Villelaure.<\/p>\n<div style=\"background: #1a1a1a; color: white; padding: 25px; border-radius: 8px; text-align: center; margin: 30px 0;\">\n<h2 style=\"color: #ffffff; margin-top: 0;\">R\u00e9servez votre essai ou confirmez votre pr\u00e9sence<\/h2>\n<p>Pour une organisation optimale (et pour le barbecue !), merci de nous pr\u00e9venir de votre venue :<\/p>\n<p style=\"display:flex;justify-content:center;\">\n<a style=\"background: #e67e22; color: white; padding: 15px 30px; text-decoration: none; font-size: 1.3rem; border-radius: 5px; display: inline-block; font-weight: bold; margin-top: 10px;\" href=\"tel:0603647821\">\ud83d\udcde Appeler le 06 03 64 78 21<br \/>\n<\/a>\n<\/p>\n<\/div>\n<h2>Au programme : Exclusivit\u00e9s et Essais Routiers<\/h2>\n<p>Cette journ\u00e9e <strong>Renault Pro+<\/strong> est l&rsquo;occasion unique de tester les derni\u00e8res nouveaut\u00e9s de la marque au losange, avec un focus sur la performance et l&rsquo;\u00e9lectrification :<\/p>\n<ul>\n<li><strong>La Nouvelle Renault Twingo :<\/strong> L&rsquo;ic\u00f4ne \u00e9lectrique disponible \u00e0 la commande.<\/li>\n<li><strong>Gamme Utilitaires 2026 :<\/strong> Nouveau Master Fourgon, Master Benne et le polyvalent Kangoo Van.<\/li>\n<li><strong>Nouvelle Clio 6 :<\/strong> D\u00e9couvrez le nouveau standard de la citadine pr\u00e9f\u00e9r\u00e9e des Fran\u00e7ais.<\/li>\n<\/ul>\n<div style=\"display: flex; gap: 20px; flex-wrap: wrap; margin: 30px 0;\">\n<div style=\"flex: 1; min-width: 250px; background: #f9f9f9; padding: 20px; border-top: 4px solid #e67e22;\">\n<h3>&gt; Moment Convivial<\/h3>\n<p>Parce que nous cultivons la proximit\u00e9, un <strong>barbecue sera organis\u00e9 le midi<\/strong>. L&rsquo;occasion id\u00e9ale pour \u00e9changer avec nos experts dans une ambiance chaleureuse et d\u00e9tendue.<\/p>\n<\/div>\n<div style=\"flex: 1; min-width: 250px; background: #f9f9f9; padding: 20px; border-top: 4px solid #e67e22;\">\n<h3>&gt; Expertise Renault Pro+<\/h3>\n<p>Nos conseillers commerciaux et techniciens seront pr\u00e9sents de <strong>8h \u00e0 18h<\/strong> pour r\u00e9pondre \u00e0 vos questions techniques, de financement (LLD\/LOA) et de fiscalit\u00e9 automobile.<\/p>\n<\/div>\n<\/div>\n<h2>Informations Pratiques<\/h2>\n<table style=\"width: 100%; border-collapse: collapse; margin-bottom: 20px;\">\n<tbody>\n<tr>\n<td style=\"padding: 12px; border-bottom: 1px solid #eee;\"><strong>Date<\/strong><\/td>\n<td style=\"padding: 12px; border-bottom: 1px solid #eee;\">Vendredi 17 Avril 2026<\/td>\n<\/tr>\n<tr>\n<td style=\"padding: 12px; border-bottom: 1px solid #eee;\"><strong>Horaires<\/strong><\/td>\n<td style=\"padding: 12px; border-bottom: 1px solid #eee;\">De 08h00 \u00e0 18h00<\/td>\n<\/tr>\n<tr>\n<td style=\"padding: 12px; border-bottom: 1px solid #eee;\"><strong>Lieu<\/strong><\/td>\n<td style=\"padding: 12px; border-bottom: 1px solid #eee;\">Renault Sopromag &#8211; 124 cours des moissons, 84530 Villelaure<\/td>\n<\/tr>\n<\/tbody>\n<\/table>\n<div style=\"text-align: center; margin-top: 40px;\">\n<p><em>Toute l&rsquo;\u00e9quipe de l&rsquo;Agence Laforest &#8211; SAS SOPROMAG a h\u00e2te de vous accueillir !<\/em><\/p>\n<\/div>\n<\/div>\n","protected":false},"excerpt":{"rendered":"<p>\u00a0\u00c9v\u00e9nement Exclusif &#8211; Sud Luberon Journ\u00e9e Renault Pro+ \u00e0 Villelaure : D\u00e9couvrez la Nouvelle Gamme le 17 Avril ! Le Garage Sopromag a le plaisir de convier professionnels et particuliers \u00e0 une journ\u00e9e exceptionnelle d\u00e9di\u00e9e \u00e0 l&rsquo;innovation et \u00e0 la mobilit\u00e9. Le 17 avril prochain, transformez votre vision du transport au sein de notre agence [&hellip;]<\/p>\n","protected":false},"author":7,"featured_media":688,"comment_status":"open","ping_status":"closed","sticky":false,"template":"","format":"standard","meta":{"_et_pb_use_builder":"","_et_pb_old_content":"","_et_gb_content_width":"","footnotes":""},"categories":[1],"tags":[],"class_list":["post-691","post","type-post","status-publish","format-standard","has-post-thumbnail","hentry","category-informations"],"_links":{"self":[{"href":"https:\/\/sopromag.fr\/index.php?rest_route=\/wp\/v2\/posts\/691","targetHints":{"allow":["GET"]}}],"collection":[{"href":"https:\/\/sopromag.fr\/index.php?rest_route=\/wp\/v2\/posts"}],"about":[{"href":"https:\/\/sopromag.fr\/index.php?rest_route=\/wp\/v2\/types\/post"}],"author":[{"embeddable":true,"href":"https:\/\/sopromag.fr\/index.php?rest_route=\/wp\/v2\/users\/7"}],"replies":[{"embeddable":true,"href":"https:\/\/sopromag.fr\/index.php?rest_route=%2Fwp%2Fv2%2Fcomments&post=691"}],"version-history":[{"count":4,"href":"https:\/\/sopromag.fr\/index.php?rest_route=\/wp\/v2\/posts\/691\/revisions"}],"predecessor-version":[{"id":695,"href":"https:\/\/sopromag.fr\/index.php?rest_route=\/wp\/v2\/posts\/691\/revisions\/695"}],"wp:featuredmedia":[{"embeddable":true,"href":"https:\/\/sopromag.fr\/index.php?rest_route=\/wp\/v2\/media\/688"}],"wp:attachment":[{"href":"https:\/\/sopromag.fr\/index.php?rest_route=%2Fwp%2Fv2%2Fmedia&parent=691"}],"wp:term":[{"taxonomy":"category","embeddable":true,"href":"https:\/\/sopromag.fr\/index.php?rest_route=%2Fwp%2Fv2%2Fcategories&post=691"},{"taxonomy":"post_tag","embeddable":true,"href":"https:\/\/sopromag.fr\/index.php?rest_route=%2Fwp%2Fv2%2Ftags&post=691"}],"curies":[{"name":"wp","href":"https:\/\/api.w.org\/{rel}","templated":true}]}}